{"id":542,"date":"2026-03-10T11:17:27","date_gmt":"2026-03-10T10:17:27","guid":{"rendered":"https:\/\/www.laufdersympathie.de\/?p=542"},"modified":"2026-03-10T11:18:22","modified_gmt":"2026-03-10T10:18:22","slug":"nachmeldungen-noch-nur-fuer-10-km-moeglich","status":"publish","type":"post","link":"https:\/\/www.laufdersympathie.de\/?p=542","title":{"rendered":"Nachmeldungen noch nur f\u00fcr 10 km m\u00f6glich!"},"content":{"rendered":"\n<p>Aufgrund des sehr guten Meldeergebnisses und der eingeschr\u00e4nkten Kapazit\u00e4t beim 5 km Start k\u00f6nnen wir leider <strong>keine Nach- oder Ummeldungen f\u00fcr die 5 km Strecke anbieten<\/strong>. Wir freuen uns aber auf eure Meldung zum 38. Lauf der Sympathie am 21.03.2027.<\/p>\n\n\n\n<p>Nachmeldungen f\u00fcr den 10 km im Rahmen des 37. Lauf der Sympathie am 15.03.2026 sind am Freitag (13.03.26) zwischen 14:00 Uhr und 17:00 Uhr und Samstag (14.03.26) zwischen 10:00 und 17:00 Uhr in den Spandau Arkaden m\u00f6glich.<\/p>\n\n\n\n<p><\/p>\n","protected":false},"excerpt":{"rendered":"<p>Aufgrund des sehr guten Meldeergebnisses und der eingeschr\u00e4nkten Kapazit\u00e4t beim 5 km Start k\u00f6nnen wir leider keine Nach- oder Ummeldungen f\u00fcr die 5 km Strecke anbieten. Wir freuen uns aber auf eure Meldung zum 38. Lauf der Sympathie am 21.03.2027. Nachmeldungen f\u00fcr den 10 km im Rahmen des 37. Lauf der Sympathie am 15.03.2026 sind&hellip; <a class=\"more-link\" href=\"https:\/\/www.laufdersympathie.de\/?p=542\"><span class=\"screen-reader-text\">Nachmeldungen noch nur f\u00fcr 10 km m\u00f6glich!<\/span> weiterlesen<\/a><\/p>\n","protected":false},"author":2,"featured_media":0,"comment_status":"open","ping_status":"open","sticky":false,"template":"","format":"standard","meta":[],"categories":[1],"tags":[],"post_folder":[],"_links":{"self":[{"href":"https:\/\/www.laufdersympathie.de\/index.php?rest_route=\/wp\/v2\/posts\/542"}],"collection":[{"href":"https:\/\/www.laufdersympathie.de\/index.php?rest_route=\/wp\/v2\/posts"}],"about":[{"href":"https:\/\/www.laufdersympathie.de\/index.php?rest_route=\/wp\/v2\/types\/post"}],"author":[{"embeddable":true,"href":"https:\/\/www.laufdersympathie.de\/index.php?rest_route=\/wp\/v2\/users\/2"}],"replies":[{"embeddable":true,"href":"https:\/\/www.laufdersympathie.de\/index.php?rest_route=%2Fwp%2Fv2%2Fcomments&post=542"}],"version-history":[{"count":2,"href":"https:\/\/www.laufdersympathie.de\/index.php?rest_route=\/wp\/v2\/posts\/542\/revisions"}],"predecessor-version":[{"id":544,"href":"https:\/\/www.laufdersympathie.de\/index.php?rest_route=\/wp\/v2\/posts\/542\/revisions\/544"}],"wp:attachment":[{"href":"https:\/\/www.laufdersympathie.de\/index.php?rest_route=%2Fwp%2Fv2%2Fmedia&parent=542"}],"wp:term":[{"taxonomy":"category","embeddable":true,"href":"https:\/\/www.laufdersympathie.de\/index.php?rest_route=%2Fwp%2Fv2%2Fcategories&post=542"},{"taxonomy":"post_tag","embeddable":true,"href":"https:\/\/www.laufdersympathie.de\/index.php?rest_route=%2Fwp%2Fv2%2Ftags&post=542"},{"taxonomy":"post_folder","embeddable":true,"href":"https:\/\/www.laufdersympathie.de\/index.php?rest_route=%2Fwp%2Fv2%2Fpost_folder&post=542"}],"curies":[{"name":"wp","href":"https:\/\/api.w.org\/{rel}","templated":true}]}}